{"id":303,"date":"2020-11-24T20:00:40","date_gmt":"2020-11-24T20:00:40","guid":{"rendered":"https:\/\/coremedia-usergroup.de\/?p=303"},"modified":"2021-07-05T16:05:06","modified_gmt":"2021-07-05T16:05:06","slug":"coremedia-unter-kubernetes","status":"publish","type":"post","link":"https:\/\/coremedia-usergroup.com\/de\/coremedia-unter-kubernetes","title":{"rendered":"CoreMedia unter Kubernetes"},"content":{"rendered":"<p><strong>Pr\u00e4sentation vom 24.11.2020, Marko Lauke<\/strong><\/p>\n\n\n\n<p>Marko Lauke berichtet \u00fcber seine Erfahrungen \u00fcber den produktiven Einsatz von CoreMedia unter Kubernetes.<\/p>\n\n\n\n<div class=\"wp-block-file\"><a href=\"https:\/\/coremedia-usergroup.de\/wp-content\/uploads\/2021\/07\/cmug-2020-11-k8-marko-lauke-1.pdf\">Pr\u00e4sentation (PDF) zum Download.<\/a><a href=\"https:\/\/coremedia-usergroup.de\/wp-content\/uploads\/2021\/07\/cmug-2020-11-k8-marko-lauke-1.pdf\" class=\"wp-block-file__button\" download>Herunterladen<\/a><\/div>\n\n\n\n<figure class=\"wp-block-image size-large\"><a href=\"https:\/\/coremedia-usergroup.de\/wp-content\/uploads\/2021\/07\/cmug-2020-11-k8-marko-lauke-1.pdf\" target=\"_blank\" rel=\"noopener\"><img loading=\"lazy\" decoding=\"async\" width=\"1024\" height=\"575\" src=\"https:\/\/coremedia-usergroup.de\/wp-content\/uploads\/2021\/07\/marko-lauke-praesentation-1024x575.png\" alt=\"\" class=\"wp-image-310\" srcset=\"https:\/\/coremedia-usergroup.com\/wp-content\/uploads\/2021\/07\/marko-lauke-praesentation-1024x575.png 1024w, https:\/\/coremedia-usergroup.com\/wp-content\/uploads\/2021\/07\/marko-lauke-praesentation-300x168.png 300w, https:\/\/coremedia-usergroup.com\/wp-content\/uploads\/2021\/07\/marko-lauke-praesentation-768x431.png 768w, https:\/\/coremedia-usergroup.com\/wp-content\/uploads\/2021\/07\/marko-lauke-praesentation.png 1212w\" sizes=\"(max-width: 1024px) 100vw, 1024px\" \/><\/a><\/figure>\n\n\n\n<p><\/p>","protected":false},"excerpt":{"rendered":"<p>Pr\u00e4sentation vom 24.11.2020, Marko Lauke Marko Lauke berichtet \u00fcber seine Erfahrungen \u00fcber den produktiven Einsatz von CoreMedia unter Kubernetes.<\/p>","protected":false},"author":3,"featured_media":308,"comment_status":"open","ping_status":"open","sticky":false,"template":"","format":"standard","meta":{"content-type":"","ngg_post_thumbnail":0,"footnotes":""},"categories":[33,28,3],"tags":[],"class_list":["post-303","post","type-post","status-publish","format-standard","has-post-thumbnail","hentry","category-kubernetes","category-operations","category-user-group-vortrag"],"_links":{"self":[{"href":"https:\/\/coremedia-usergroup.com\/de\/wp-json\/wp\/v2\/posts\/303"}],"collection":[{"href":"https:\/\/coremedia-usergroup.com\/de\/wp-json\/wp\/v2\/posts"}],"about":[{"href":"https:\/\/coremedia-usergroup.com\/de\/wp-json\/wp\/v2\/types\/post"}],"author":[{"embeddable":true,"href":"https:\/\/coremedia-usergroup.com\/de\/wp-json\/wp\/v2\/users\/3"}],"replies":[{"embeddable":true,"href":"https:\/\/coremedia-usergroup.com\/de\/wp-json\/wp\/v2\/comments?post=303"}],"version-history":[{"count":4,"href":"https:\/\/coremedia-usergroup.com\/de\/wp-json\/wp\/v2\/posts\/303\/revisions"}],"predecessor-version":[{"id":314,"href":"https:\/\/coremedia-usergroup.com\/de\/wp-json\/wp\/v2\/posts\/303\/revisions\/314"}],"wp:featuredmedia":[{"embeddable":true,"href":"https:\/\/coremedia-usergroup.com\/de\/wp-json\/wp\/v2\/media\/308"}],"wp:attachment":[{"href":"https:\/\/coremedia-usergroup.com\/de\/wp-json\/wp\/v2\/media?parent=303"}],"wp:term":[{"taxonomy":"category","embeddable":true,"href":"https:\/\/coremedia-usergroup.com\/de\/wp-json\/wp\/v2\/categories?post=303"},{"taxonomy":"post_tag","embeddable":true,"href":"https:\/\/coremedia-usergroup.com\/de\/wp-json\/wp\/v2\/tags?post=303"}],"curies":[{"name":"wp","href":"https:\/\/api.w.org\/{rel}","templated":true}]}}