{"id":305,"date":"2020-11-24T20:00:11","date_gmt":"2020-11-24T20:00:11","guid":{"rendered":"https:\/\/coremedia-usergroup.de\/?p=305"},"modified":"2021-07-05T16:40:58","modified_gmt":"2021-07-05T16:40:58","slug":"coremedia-helm-charts","status":"publish","type":"post","link":"https:\/\/coremedia-usergroup.com\/de\/coremedia-helm-charts","title":{"rendered":"CoreMedia Helm Charts"},"content":{"rendered":"<p><strong>Aufzeichnung vom 24.11.2020, Christian Weber<\/strong><\/p>\n\n\n\n<p>CoreMedia unter Kubernetes betreiben mit der Helm Chart Contribution von CoreMedia. Christian Weber (selbst\u00e4ndig, dnext GmbH) gibt einen \u00dcberblick \u00fcber das Projekt.<\/p>\n\n\n\n<p>Die Helm Charts sind eine CoreMedia Contribution und sind auf GitHub verf\u00fcgbar: <a rel=\"noreferrer noopener\" href=\"https:\/\/github.com\/coremedia-contributions\/deployment.kubernetes-helm\" target=\"_blank\">https:\/\/github.com\/coremedia-contributions\/deployment.kubernetes-helm<\/a><\/p>\n\n\n\n<figure class=\"wp-block-embed is-type-video is-provider-youtube wp-block-embed-youtube wp-embed-aspect-16-9 wp-has-aspect-ratio\"><div class=\"wp-block-embed__wrapper\">\n<iframe loading=\"lazy\" title=\"CoreMedia Helm Charts - CoreMedia Usergroup 24.11.2020\" width=\"800\" height=\"450\" src=\"https:\/\/www.youtube.com\/embed\/wtMfCUwmJeY?feature=oembed\" frameborder=\"0\" allow=\"accelerometer; autoplay; clipboard-write; encrypted-media; gyroscope; picture-in-picture\" allowfullscreen><\/iframe>\n<\/div><\/figure>","protected":false},"excerpt":{"rendered":"<p>Aufzeichnung vom 24.11.2020, Christian Weber CoreMedia unter Kubernetes betreiben mit der Helm Chart Contribution von CoreMedia. Christian Weber (selbst\u00e4ndig, dnext GmbH) gibt einen \u00dcberblick \u00fcber das Projekt. Die Helm Charts ...<\/p>","protected":false},"author":3,"featured_media":306,"comment_status":"open","ping_status":"open","sticky":false,"template":"","format":"standard","meta":{"content-type":"","ngg_post_thumbnail":0,"footnotes":""},"categories":[33,28,3],"tags":[4,40,34],"class_list":["post-305","post","type-post","status-publish","format-standard","has-post-thumbnail","hentry","category-kubernetes","category-operations","category-user-group-vortrag","tag-coremedia","tag-helm","tag-kubernetes"],"_links":{"self":[{"href":"https:\/\/coremedia-usergroup.com\/de\/wp-json\/wp\/v2\/posts\/305"}],"collection":[{"href":"https:\/\/coremedia-usergroup.com\/de\/wp-json\/wp\/v2\/posts"}],"about":[{"href":"https:\/\/coremedia-usergroup.com\/de\/wp-json\/wp\/v2\/types\/post"}],"author":[{"embeddable":true,"href":"https:\/\/coremedia-usergroup.com\/de\/wp-json\/wp\/v2\/users\/3"}],"replies":[{"embeddable":true,"href":"https:\/\/coremedia-usergroup.com\/de\/wp-json\/wp\/v2\/comments?post=305"}],"version-history":[{"count":2,"href":"https:\/\/coremedia-usergroup.com\/de\/wp-json\/wp\/v2\/posts\/305\/revisions"}],"predecessor-version":[{"id":328,"href":"https:\/\/coremedia-usergroup.com\/de\/wp-json\/wp\/v2\/posts\/305\/revisions\/328"}],"wp:featuredmedia":[{"embeddable":true,"href":"https:\/\/coremedia-usergroup.com\/de\/wp-json\/wp\/v2\/media\/306"}],"wp:attachment":[{"href":"https:\/\/coremedia-usergroup.com\/de\/wp-json\/wp\/v2\/media?parent=305"}],"wp:term":[{"taxonomy":"category","embeddable":true,"href":"https:\/\/coremedia-usergroup.com\/de\/wp-json\/wp\/v2\/categories?post=305"},{"taxonomy":"post_tag","embeddable":true,"href":"https:\/\/coremedia-usergroup.com\/de\/wp-json\/wp\/v2\/tags?post=305"}],"curies":[{"name":"wp","href":"https:\/\/api.w.org\/{rel}","templated":true}]}}